{"id":8991,"date":"2019-10-29T14:19:11","date_gmt":"2019-10-29T13:19:11","guid":{"rendered":"https:\/\/www.boc.de\/watchguard-info-portal\/?p=8991"},"modified":"2025-08-20T14:31:49","modified_gmt":"2025-08-20T12:31:49","slug":"boc-auf-der-it-sa-fachmesse","status":"publish","type":"post","link":"https:\/\/wordpress.boc.de\/watchguard-info-portal\/2019\/10\/boc-auf-der-it-sa-fachmesse\/","title":{"rendered":"BOC auf der it-sa Fachmesse 2019"},"content":{"rendered":"<h3><img loading=\"lazy\" decoding=\"async\" class=\"size-full wp-image-6733 alignright\" src=\"https:\/\/www.boc.de\/watchguard-info-portal\/wp-content\/uploads\/2019\/04\/it-sa.jpg\" alt=\"\" width=\"238\" height=\"135\" \/>it-sa &#8211; Europas f\u00fchrende Fachmesse f\u00fcr IT-Sicherheit<\/h3>\n<p>Die\u00a0<strong>BOC IT-Security GmbH\u00a0<\/strong>war im Oktober mit WatchGuard auf der diesj\u00e4hrigen <a href=\"https:\/\/it-sa.de\" target=\"_blank\" rel=\"noopener\">it-sa<\/a> Messe in N\u00fcrnberg vertreten. Die\u00a0<strong>it-sa<\/strong>\u00a0ist\u00a0<strong>Europas gr\u00f6\u00dfte IT-Security Messe<\/strong>\u00a0und eine der bedeutendsten Plattformen f\u00fcr\u00a0<strong>Cloud-, Mobile- und Cyber-Security\u00a0<\/strong>sowie\u00a0<strong>Daten- und Netzwerksicherheit\u00a0<\/strong>in der Welt.<!--more--><\/p>\n<p>Seit 2009 findet die Fachmesse in N\u00fcrnberg statt und ist der Treffpunkt f\u00fcr C-Level Experten,\u00a0IT Sicherheitsbeauftragte\u00a0aus Industrie, Dienstleistung und Verwaltung sowie Entwickler und Anbieter von Produkten und\u00a0 Services rund um das\u00a0Thema IT-Sicherheit.<\/p>\n<p><img loading=\"lazy\" decoding=\"async\" class=\"aligncenter size-full wp-image-9003\" src=\"https:\/\/www.boc.de\/watchguard-info-portal\/wp-content\/uploads\/2019\/10\/it-sa_collage_boc.jpg\" alt=\"\" width=\"800\" height=\"400\" srcset=\"https:\/\/wordpress.boc.de\/watchguard-info-portal\/wp-content\/uploads\/2019\/10\/it-sa_collage_boc.jpg 800w, https:\/\/wordpress.boc.de\/watchguard-info-portal\/wp-content\/uploads\/2019\/10\/it-sa_collage_boc-300x150.jpg 300w, https:\/\/wordpress.boc.de\/watchguard-info-portal\/wp-content\/uploads\/2019\/10\/it-sa_collage_boc-768x384.jpg 768w\" sizes=\"(max-width: 800px) 100vw, 800px\" \/><\/p>\n<p>Mit \u00fcber 750 Austellern aus 25 L\u00e4ndern war die it-sa erneut die\u00a0<strong>ausstellerst\u00e4rkste IT-Sicherheits-Fachmesse der Welt.<\/strong>\u00a0Insgesamt \u00fcber\u00a0<strong>15.632 internationale Fachbesucher\u00a0<\/strong>konnten sich \u00fcber die aktuellsten\u00a0<strong>IT-Sicherheitsl\u00f6sungen<\/strong>\u00a0informieren und weiterbilden. Sowohl die Besucherzahlen als auch die Anzahl der Aussteller ist damit im Vergleich zum Vorjahr gestiegen.<\/p>\n<p>Wir als BOC-Team bedanken uns bei bei allen Besuchern f\u00fcr die interessanten Gespr\u00e4che und hoffen, dass der Messebesuch f\u00fcr Sie informativ und erfolgreich war.<\/p>\n","protected":false},"excerpt":{"rendered":"<p>it-sa &#8211; Europas f\u00fchrende Fachmesse f\u00fcr IT-Sicherheit Die\u00a0BOC IT-Security GmbH\u00a0war im Oktober mit WatchGuard auf der diesj\u00e4hrigen it-sa Messe in N\u00fcrnberg vertreten. Die\u00a0it-sa\u00a0ist\u00a0Europas gr\u00f6\u00dfte IT-Security Messe\u00a0und eine der bedeutendsten Plattformen f\u00fcr\u00a0Cloud-, Mobile- und Cyber-Security\u00a0sowie\u00a0Daten- und Netzwerksicherheit\u00a0in der Welt.<\/p>\n","protected":false},"author":4,"featured_media":0,"comment_status":"open","ping_status":"open","sticky":false,"template":"","format":"standard","meta":{"footnotes":""},"categories":[445],"tags":[561,560],"class_list":["post-8991","post","type-post","status-publish","format-standard","hentry","category-aktuelle-nachrichten","tag-fachmesse","tag-it-sa"],"_links":{"self":[{"href":"https:\/\/wordpress.boc.de\/watchguard-info-portal\/wp-json\/wp\/v2\/posts\/8991"}],"collection":[{"href":"https:\/\/wordpress.boc.de\/watchguard-info-portal\/wp-json\/wp\/v2\/posts"}],"about":[{"href":"https:\/\/wordpress.boc.de\/watchguard-info-portal\/wp-json\/wp\/v2\/types\/post"}],"author":[{"embeddable":true,"href":"https:\/\/wordpress.boc.de\/watchguard-info-portal\/wp-json\/wp\/v2\/users\/4"}],"replies":[{"embeddable":true,"href":"https:\/\/wordpress.boc.de\/watchguard-info-portal\/wp-json\/wp\/v2\/comments?post=8991"}],"version-history":[{"count":11,"href":"https:\/\/wordpress.boc.de\/watchguard-info-portal\/wp-json\/wp\/v2\/posts\/8991\/revisions"}],"predecessor-version":[{"id":28805,"href":"https:\/\/wordpress.boc.de\/watchguard-info-portal\/wp-json\/wp\/v2\/posts\/8991\/revisions\/28805"}],"wp:attachment":[{"href":"https:\/\/wordpress.boc.de\/watchguard-info-portal\/wp-json\/wp\/v2\/media?parent=8991"}],"wp:term":[{"taxonomy":"category","embeddable":true,"href":"https:\/\/wordpress.boc.de\/watchguard-info-portal\/wp-json\/wp\/v2\/categories?post=8991"},{"taxonomy":"post_tag","embeddable":true,"href":"https:\/\/wordpress.boc.de\/watchguard-info-portal\/wp-json\/wp\/v2\/tags?post=8991"}],"curies":[{"name":"wp","href":"https:\/\/api.w.org\/{rel}","templated":true}]}}