{"id":17877,"date":"2023-10-16T15:10:44","date_gmt":"2023-10-16T13:10:44","guid":{"rendered":"https:\/\/www.boc.de\/watchguard-info-portal\/?p=17877"},"modified":"2023-10-16T17:01:35","modified_gmt":"2023-10-16T15:01:35","slug":"boc-auf-der-it-sa-fachmesse-2023","status":"publish","type":"post","link":"https:\/\/wordpress.boc.de\/watchguard-info-portal\/2023\/10\/boc-auf-der-it-sa-fachmesse-2023\/","title":{"rendered":"BOC auf der it-sa Fachmesse 2023"},"content":{"rendered":"<p><img loading=\"lazy\" decoding=\"async\" class=\" wp-image-13530 alignright\" src=\"https:\/\/www.boc.de\/watchguard-info-portal\/wp-content\/uploads\/2021\/09\/it-sa-Expo-and-Congress-Logo-mit-Claim-farbig-positiv-72dpi-RGB.jpg\" alt=\"\" width=\"202\" height=\"157\" srcset=\"https:\/\/wordpress.boc.de\/watchguard-info-portal\/wp-content\/uploads\/2021\/09\/it-sa-Expo-and-Congress-Logo-mit-Claim-farbig-positiv-72dpi-RGB.jpg 317w, https:\/\/wordpress.boc.de\/watchguard-info-portal\/wp-content\/uploads\/2021\/09\/it-sa-Expo-and-Congress-Logo-mit-Claim-farbig-positiv-72dpi-RGB-300x233.jpg 300w\" sizes=\"(max-width: 202px) 100vw, 202px\" \/><\/p>\n<p>Die BOC IT-Security GmbH\u00a0war vergangene Woche mit WatchGuard auf der diesj\u00e4hrigen <a href=\"https:\/\/it-sa.de\" target=\"_blank\" rel=\"noopener noreferrer\">it-sa<\/a> Messe in N\u00fcrnberg vertreten. Die it-sa ist Europas gr\u00f6\u00dfte IT-Security Messe und eine der bedeutendsten Plattformen f\u00fcr Cloud-, Mobile- und Cyber-Security sowie Daten- und Netzwerksicherheit in der Welt. Seit 2009 findet die Fachmesse in N\u00fcrnberg statt und ist der Treffpunkt f\u00fcr C-Level-Experten, IT-Sicherheitsbeauftragte aus Industrie, Dienstleistung und Verwaltung sowie Entwickler und Anbieter von Produkten und Services rund um das Thema IT-Sicherheit. In diesem Jahr kamen 19.449 Fachbesucher aus 55 L\u00e4ndern und 795 Aussteller aus 30 L\u00e4ndern zum &#8220;Home of IT Security&#8221;.<!--more--><\/p>\n<blockquote><p>&#8220;Die it-sa Expo&amp;Congress setzt neue Bestmarken&#8221;, freut sich Frank Venjakob, Executive Director it-sa. &#8220;Mehr Aussteller und mehr Fl\u00e4che als je zuvor in drei ausgebuchten Hallen \u2013 damit unterstreicht die it-sa Expo&amp;Congress ihre hohe Relevanz f\u00fcr die IT-Sicherheitsbranche erneut. Auch f\u00fcr IT-Sicherheitsverantwortliche ist sie die erste Adresse f\u00fcr den Austausch zu Fragen der Cybersicherheit: 30 Prozent mehr Besucher im Vergleich zur letzten Ausgabe und die hohe Internationalit\u00e4t machen das deutlich.&#8221;<\/p><\/blockquote>\n<div role=\"listitem\">\n<div class=\"\">\n<div id=\"post_juxjrkqczfraido33aq3erqkjh\" class=\"a11y__section post other--root post--hovered\" tabindex=\"0\" aria-label=\"Am Montag, 16. Oktober um 12:01 schrieb mike: Viele gute Gespr\u00e4che, viel Endpoint und MFA\" data-testid=\"postView\">\n<div class=\"post__content \" role=\"application\" data-testid=\"postContent\">\n<div id=\"juxjrkqczfraido33aq3erqkjh_message\" class=\"post__body\">\n<div class=\"AutoHeight\">\n<div class=\"post-message post-message--collapsed\">\n<div class=\"post-message__text-container\">\n<div id=\"postMessageText_juxjrkqczfraido33aq3erqkjh\" class=\"post-message__text\" dir=\"auto\" tabindex=\"0\">\n<p>Wir als BOC-Team bedanken uns bei bei allen Besuchern f\u00fcr die interessanten Gespr\u00e4che und hoffen, dass der Messebesuch f\u00fcr Sie informativ und erfolgreich war. Besonders erw\u00e4hnenswert war das hohe Interesse zu den Themen Endpoint-Security und Multifaktor-Authentifizierung sowie der hohe Zulauf von Besuchern, die bisher noch Konkurrenzprodukte wie bspw. Sophos im Einsatz haben.<\/p>\n<\/div>\n<\/div>\n<\/div>\n<\/div>\n<\/div>\n<\/div>\n<\/div>\n<\/div>\n<\/div>\n<div role=\"listitem\">\n<div>\n<div dir=\"ltr\">\n<div>\n<div>\n<div>\n<div id=\"attachment_17880\" style=\"width: 966px\" class=\"wp-caption aligncenter\"><img loading=\"lazy\" decoding=\"async\" aria-describedby=\"caption-attachment-17880\" class=\"wp-image-17880 size-full\" src=\"https:\/\/www.boc.de\/watchguard-info-portal\/wp-content\/uploads\/2023\/10\/it-sa-2023.jpg\" alt=\"\" width=\"956\" height=\"630\" srcset=\"https:\/\/wordpress.boc.de\/watchguard-info-portal\/wp-content\/uploads\/2023\/10\/it-sa-2023.jpg 956w, https:\/\/wordpress.boc.de\/watchguard-info-portal\/wp-content\/uploads\/2023\/10\/it-sa-2023-300x198.jpg 300w, https:\/\/wordpress.boc.de\/watchguard-info-portal\/wp-content\/uploads\/2023\/10\/it-sa-2023-768x506.jpg 768w, https:\/\/wordpress.boc.de\/watchguard-info-portal\/wp-content\/uploads\/2023\/10\/it-sa-2023-800x527.jpg 800w\" sizes=\"(max-width: 956px) 100vw, 956px\" \/><p id=\"caption-attachment-17880\" class=\"wp-caption-text\">Von links nach rechts: Hans M\u00fcller, Johannes Wolfsteiner und Maik Lumler von der BOC IT-Security.<\/p><\/div>\n<\/div>\n<\/div>\n<\/div>\n<\/div>\n<\/div>\n<\/div>\n","protected":false},"excerpt":{"rendered":"<p>Die BOC IT-Security GmbH\u00a0war vergangene Woche mit WatchGuard auf der diesj\u00e4hrigen it-sa Messe in N\u00fcrnberg vertreten. Die it-sa ist Europas gr\u00f6\u00dfte IT-Security Messe und eine der bedeutendsten Plattformen f\u00fcr Cloud-, Mobile- und Cyber-Security sowie Daten- und Netzwerksicherheit in der Welt. Seit 2009 findet die Fachmesse in N\u00fcrnberg statt und ist der Treffpunkt f\u00fcr C-Level-Experten, IT-Sicherheitsbeauftragte aus Industrie, Dienstleistung und Verwaltung sowie Entwickler und Anbieter von &hellip; <a href=\"https:\/\/wordpress.boc.de\/watchguard-info-portal\/2023\/10\/boc-auf-der-it-sa-fachmesse-2023\/\" class=\"more-link\">Weiterlesen <span class=\"screen-reader-text\">BOC auf der it-sa Fachmesse 2023<\/span> <span class=\"meta-nav\">&raquo;<\/span><\/a><\/p>\n","protected":false},"author":4,"featured_media":0,"comment_status":"open","ping_status":"open","sticky":false,"template":"","format":"standard","meta":{"footnotes":""},"categories":[445],"tags":[561,560],"class_list":["post-17877","post","type-post","status-publish","format-standard","hentry","category-aktuelle-nachrichten","tag-fachmesse","tag-it-sa"],"_links":{"self":[{"href":"https:\/\/wordpress.boc.de\/watchguard-info-portal\/wp-json\/wp\/v2\/posts\/17877"}],"collection":[{"href":"https:\/\/wordpress.boc.de\/watchguard-info-portal\/wp-json\/wp\/v2\/posts"}],"about":[{"href":"https:\/\/wordpress.boc.de\/watchguard-info-portal\/wp-json\/wp\/v2\/types\/post"}],"author":[{"embeddable":true,"href":"https:\/\/wordpress.boc.de\/watchguard-info-portal\/wp-json\/wp\/v2\/users\/4"}],"replies":[{"embeddable":true,"href":"https:\/\/wordpress.boc.de\/watchguard-info-portal\/wp-json\/wp\/v2\/comments?post=17877"}],"version-history":[{"count":5,"href":"https:\/\/wordpress.boc.de\/watchguard-info-portal\/wp-json\/wp\/v2\/posts\/17877\/revisions"}],"predecessor-version":[{"id":17883,"href":"https:\/\/wordpress.boc.de\/watchguard-info-portal\/wp-json\/wp\/v2\/posts\/17877\/revisions\/17883"}],"wp:attachment":[{"href":"https:\/\/wordpress.boc.de\/watchguard-info-portal\/wp-json\/wp\/v2\/media?parent=17877"}],"wp:term":[{"taxonomy":"category","embeddable":true,"href":"https:\/\/wordpress.boc.de\/watchguard-info-portal\/wp-json\/wp\/v2\/categories?post=17877"},{"taxonomy":"post_tag","embeddable":true,"href":"https:\/\/wordpress.boc.de\/watchguard-info-portal\/wp-json\/wp\/v2\/tags?post=17877"}],"curies":[{"name":"wp","href":"https:\/\/api.w.org\/{rel}","templated":true}]}}